{"id":62,"date":"2012-05-10T16:15:42","date_gmt":"2012-05-10T16:15:42","guid":{"rendered":"http:\/\/www.bahnhof-aumenau.de\/galerie\/?p=62"},"modified":"2021-02-13T08:51:49","modified_gmt":"2021-02-13T08:51:49","slug":"es-wurde-gefeiert","status":"publish","type":"post","link":"http:\/\/www.bahnhof-aumenau.de\/galerie\/es-wurde-gefeiert\/","title":{"rendered":"Es wurde gefeiert"},"content":{"rendered":"<p>Trotz kalten Temperaturen und immer wieder Regen war die Stimmung gut.<\/p>\n<!-- default-view.php -->\n<div\n\tclass=\"ngg-galleryoverview default-view  ngg-ajax-pagination-none\"\n\tid=\"ngg-gallery-7b11cf31d27b109c6d42f1bf05438598-1\">\n\n\t\t<!-- Thumbnails -->\n\t\t\t\t<div id=\"ngg-image-0\" class=\"ngg-gallery-thumbnail-box ngg-3-columns\" >\n\t\t\t\t        <div class=\"ngg-gallery-thumbnail\">\n            <a href=\"http:\/\/www.bahnhof-aumenau.de\/galerie\/wp-content\/gallery\/feierlichkeiten\/img_0404.jpg\"\n               title=\"Die leckeren Kuchen des F\u00f6rdervereins der Grundschule Aumenau.\"\n               data-src=\"http:\/\/www.bahnhof-aumenau.de\/galerie\/wp-content\/gallery\/feierlichkeiten\/img_0404.jpg\"\n               data-thumbnail=\"http:\/\/www.bahnhof-aumenau.de\/galerie\/wp-content\/gallery\/feierlichkeiten\/thumbs\/thumbs_img_0404.jpg\"\n               data-image-id=\"19\"\n               data-title=\"Die Kuchentheke\"\n               data-description=\"Die leckeren Kuchen des F\u00f6rdervereins der Grundschule Aumenau.\"\n               data-image-slug=\"die-kuchentheke\"\n               class=\"shutterset_7b11cf31d27b109c6d42f1bf05438598\">\n                <img\n                    title=\"Die Kuchentheke\"\n                    alt=\"Die Kuchentheke\"\n                    src=\"http:\/\/www.bahnhof-aumenau.de\/galerie\/wp-content\/gallery\/feierlichkeiten\/thumbs\/thumbs_img_0404.jpg\"\n                    width=\"295\"\n                    height=\"221\"\n                    style=\"max-width:100%;\"\n                \/>\n            <\/a>\n        <\/div>\n\t\t\t\t\t\t\t<\/div> \n\t\t\t\n\t\t\t\t<div id=\"ngg-image-1\" class=\"ngg-gallery-thumbnail-box ngg-3-columns\" >\n\t\t\t\t        <div class=\"ngg-gallery-thumbnail\">\n            <a href=\"http:\/\/www.bahnhof-aumenau.de\/galerie\/wp-content\/gallery\/feierlichkeiten\/img_0516.jpg\"\n               title=\"Die flei\u00dfigen Helfer des Sch\u00fctzenvereins Aumenau waren schwer besch\u00e4ftigt.\"\n               data-src=\"http:\/\/www.bahnhof-aumenau.de\/galerie\/wp-content\/gallery\/feierlichkeiten\/img_0516.jpg\"\n               data-thumbnail=\"http:\/\/www.bahnhof-aumenau.de\/galerie\/wp-content\/gallery\/feierlichkeiten\/thumbs\/thumbs_img_0516.jpg\"\n               data-image-id=\"20\"\n               data-title=\"Die Grillstation\"\n               data-description=\"Die flei\u00dfigen Helfer des Sch\u00fctzenvereins Aumenau waren schwer besch\u00e4ftigt.\"\n               data-image-slug=\"die-grillstation\"\n               class=\"shutterset_7b11cf31d27b109c6d42f1bf05438598\">\n                <img\n                    title=\"Die Grillstation\"\n                    alt=\"Die Grillstation\"\n                    src=\"http:\/\/www.bahnhof-aumenau.de\/galerie\/wp-content\/gallery\/feierlichkeiten\/thumbs\/thumbs_img_0516.jpg\"\n                    width=\"295\"\n                    height=\"221\"\n                    style=\"max-width:100%;\"\n                \/>\n            <\/a>\n        <\/div>\n\t\t\t\t\t\t\t<\/div> \n\t\t\t\n\t\t\t\t<div id=\"ngg-image-2\" class=\"ngg-gallery-thumbnail-box ngg-3-columns\" >\n\t\t\t\t        <div class=\"ngg-gallery-thumbnail\">\n            <a href=\"http:\/\/www.bahnhof-aumenau.de\/galerie\/wp-content\/gallery\/feierlichkeiten\/img_0524.jpg\"\n               title=\"Viele erinnerten sich an fr\u00fchere Erlebnisse auf dem alten Bahnhof.\"\n               data-src=\"http:\/\/www.bahnhof-aumenau.de\/galerie\/wp-content\/gallery\/feierlichkeiten\/img_0524.jpg\"\n               data-thumbnail=\"http:\/\/www.bahnhof-aumenau.de\/galerie\/wp-content\/gallery\/feierlichkeiten\/thumbs\/thumbs_img_0524.jpg\"\n               data-image-id=\"21\"\n               data-title=\"Im Gespr\u00e4ch\"\n               data-description=\"Viele erinnerten sich an fr\u00fchere Erlebnisse auf dem alten Bahnhof.\"\n               data-image-slug=\"im-gesprach\"\n               class=\"shutterset_7b11cf31d27b109c6d42f1bf05438598\">\n                <img\n                    title=\"Im Gespr\u00e4ch\"\n                    alt=\"Im Gespr\u00e4ch\"\n                    src=\"http:\/\/www.bahnhof-aumenau.de\/galerie\/wp-content\/gallery\/feierlichkeiten\/thumbs\/thumbs_img_0524.jpg\"\n                    width=\"295\"\n                    height=\"221\"\n                    style=\"max-width:100%;\"\n                \/>\n            <\/a>\n        <\/div>\n\t\t\t\t\t\t\t<\/div> \n\t\t\t\n\t\t\t\t<div id=\"ngg-image-3\" class=\"ngg-gallery-thumbnail-box ngg-3-columns\" >\n\t\t\t\t        <div class=\"ngg-gallery-thumbnail\">\n            <a href=\"http:\/\/www.bahnhof-aumenau.de\/galerie\/wp-content\/gallery\/feierlichkeiten\/imgp7164.jpg\"\n               title=\"Der Sektstand wurde auch durch das Team Bahnhof Aumenau betreut.\"\n               data-src=\"http:\/\/www.bahnhof-aumenau.de\/galerie\/wp-content\/gallery\/feierlichkeiten\/imgp7164.jpg\"\n               data-thumbnail=\"http:\/\/www.bahnhof-aumenau.de\/galerie\/wp-content\/gallery\/feierlichkeiten\/thumbs\/thumbs_imgp7164.jpg\"\n               data-image-id=\"22\"\n               data-title=\"Der Sektstand\"\n               data-description=\"Der Sektstand wurde auch durch das Team Bahnhof Aumenau betreut.\"\n               data-image-slug=\"der-sektstand\"\n               class=\"shutterset_7b11cf31d27b109c6d42f1bf05438598\">\n                <img\n                    title=\"Der Sektstand\"\n                    alt=\"Der Sektstand\"\n                    src=\"http:\/\/www.bahnhof-aumenau.de\/galerie\/wp-content\/gallery\/feierlichkeiten\/thumbs\/thumbs_imgp7164.jpg\"\n                    width=\"295\"\n                    height=\"221\"\n                    style=\"max-width:100%;\"\n                \/>\n            <\/a>\n        <\/div>\n\t\t\t\t\t\t\t<\/div> \n\t\t\t\n\t\t\t\t<div id=\"ngg-image-4\" class=\"ngg-gallery-thumbnail-box ngg-3-columns\" >\n\t\t\t\t        <div class=\"ngg-gallery-thumbnail\">\n            <a href=\"http:\/\/www.bahnhof-aumenau.de\/galerie\/wp-content\/gallery\/feierlichkeiten\/imgp7364.jpg\"\n               title=\"Die Schlepperfreunde Aumenau bereiteten schmackhafte Kartoffelpuffer zu.\"\n               data-src=\"http:\/\/www.bahnhof-aumenau.de\/galerie\/wp-content\/gallery\/feierlichkeiten\/imgp7364.jpg\"\n               data-thumbnail=\"http:\/\/www.bahnhof-aumenau.de\/galerie\/wp-content\/gallery\/feierlichkeiten\/thumbs\/thumbs_imgp7364.jpg\"\n               data-image-id=\"23\"\n               data-title=\"Die Backstation\"\n               data-description=\"Die Schlepperfreunde Aumenau bereiteten schmackhafte Kartoffelpuffer zu.\"\n               data-image-slug=\"die-backstation\"\n               class=\"shutterset_7b11cf31d27b109c6d42f1bf05438598\">\n                <img\n                    title=\"Die Backstation\"\n                    alt=\"Die Backstation\"\n                    src=\"http:\/\/www.bahnhof-aumenau.de\/galerie\/wp-content\/gallery\/feierlichkeiten\/thumbs\/thumbs_imgp7364.jpg\"\n                    width=\"295\"\n                    height=\"221\"\n                    style=\"max-width:100%;\"\n                \/>\n            <\/a>\n        <\/div>\n\t\t\t\t\t\t\t<\/div> \n\t\t\t\n\t\t\t\t<div id=\"ngg-image-5\" class=\"ngg-gallery-thumbnail-box ngg-3-columns\" >\n\t\t\t\t        <div class=\"ngg-gallery-thumbnail\">\n            <a href=\"http:\/\/www.bahnhof-aumenau.de\/galerie\/wp-content\/gallery\/feierlichkeiten\/imgp7395.jpg\"\n               title=\"Bei einem k\u00fchlen Getr\u00e4nk die Seele baumeln lassen. Das Team Aumenau sorgte f\u00fcr Erfrischungen.\"\n               data-src=\"http:\/\/www.bahnhof-aumenau.de\/galerie\/wp-content\/gallery\/feierlichkeiten\/imgp7395.jpg\"\n               data-thumbnail=\"http:\/\/www.bahnhof-aumenau.de\/galerie\/wp-content\/gallery\/feierlichkeiten\/thumbs\/thumbs_imgp7395.jpg\"\n               data-image-id=\"24\"\n               data-title=\"Gem\u00fctlichkeit\"\n               data-description=\"Bei einem k\u00fchlen Getr\u00e4nk die Seele baumeln lassen. Das Team Aumenau sorgte f\u00fcr Erfrischungen.\"\n               data-image-slug=\"gemutlichkeit\"\n               class=\"shutterset_7b11cf31d27b109c6d42f1bf05438598\">\n                <img\n                    title=\"Gem\u00fctlichkeit\"\n                    alt=\"Gem\u00fctlichkeit\"\n                    src=\"http:\/\/www.bahnhof-aumenau.de\/galerie\/wp-content\/gallery\/feierlichkeiten\/thumbs\/thumbs_imgp7395.jpg\"\n                    width=\"295\"\n                    height=\"221\"\n                    style=\"max-width:100%;\"\n                \/>\n            <\/a>\n        <\/div>\n\t\t\t\t\t\t\t<\/div> \n\t\t\t\n\t\t\t\t<div id=\"ngg-image-6\" class=\"ngg-gallery-thumbnail-box ngg-3-columns\" >\n\t\t\t\t        <div class=\"ngg-gallery-thumbnail\">\n            <a href=\"http:\/\/www.bahnhof-aumenau.de\/galerie\/wp-content\/gallery\/feierlichkeiten\/imgp7403.jpg\"\n               title=\"Bei dem leckeren Angebot war f\u00fcr jeden etwas dabei.\"\n               data-src=\"http:\/\/www.bahnhof-aumenau.de\/galerie\/wp-content\/gallery\/feierlichkeiten\/imgp7403.jpg\"\n               data-thumbnail=\"http:\/\/www.bahnhof-aumenau.de\/galerie\/wp-content\/gallery\/feierlichkeiten\/thumbs\/thumbs_imgp7403.jpg\"\n               data-image-id=\"25\"\n               data-title=\"Das Schmeckt!\"\n               data-description=\"Bei dem leckeren Angebot war f\u00fcr jeden etwas dabei.\"\n               data-image-slug=\"das-schmeckt\"\n               class=\"shutterset_7b11cf31d27b109c6d42f1bf05438598\">\n                <img\n                    title=\"Das Schmeckt!\"\n                    alt=\"Das Schmeckt!\"\n                    src=\"http:\/\/www.bahnhof-aumenau.de\/galerie\/wp-content\/gallery\/feierlichkeiten\/thumbs\/thumbs_imgp7403.jpg\"\n                    width=\"295\"\n                    height=\"221\"\n                    style=\"max-width:100%;\"\n                \/>\n            <\/a>\n        <\/div>\n\t\t\t\t\t\t\t<\/div> \n\t\t\t\n\t\n\t<br style=\"clear: both\" \/>\n\n\t\n\t\t<div class=\"ngg-clear\"><\/div>\n\t<\/div>\n\n","protected":false},"excerpt":{"rendered":"<p>Trotz kalten Temperaturen und immer wieder Regen war die Stimmung gut.<\/p>\n","protected":false},"author":1,"featured_media":63,"comment_status":"closed","ping_status":"open","sticky":false,"template":"","format":"standard","meta":{"ngg_post_thumbnail":0},"categories":[1],"tags":[3],"_links":{"self":[{"href":"http:\/\/www.bahnhof-aumenau.de\/galerie\/wp-json\/wp\/v2\/posts\/62"}],"collection":[{"href":"http:\/\/www.bahnhof-aumenau.de\/galerie\/wp-json\/wp\/v2\/posts"}],"about":[{"href":"http:\/\/www.bahnhof-aumenau.de\/galerie\/wp-json\/wp\/v2\/types\/post"}],"author":[{"embeddable":true,"href":"http:\/\/www.bahnhof-aumenau.de\/galerie\/wp-json\/wp\/v2\/users\/1"}],"replies":[{"embeddable":true,"href":"http:\/\/www.bahnhof-aumenau.de\/galerie\/wp-json\/wp\/v2\/comments?post=62"}],"version-history":[{"count":8,"href":"http:\/\/www.bahnhof-aumenau.de\/galerie\/wp-json\/wp\/v2\/posts\/62\/revisions"}],"predecessor-version":[{"id":106,"href":"http:\/\/www.bahnhof-aumenau.de\/galerie\/wp-json\/wp\/v2\/posts\/62\/revisions\/106"}],"wp:featuredmedia":[{"embeddable":true,"href":"http:\/\/www.bahnhof-aumenau.de\/galerie\/wp-json\/wp\/v2\/media\/63"}],"wp:attachment":[{"href":"http:\/\/www.bahnhof-aumenau.de\/galerie\/wp-json\/wp\/v2\/media?parent=62"}],"wp:term":[{"taxonomy":"category","embeddable":true,"href":"http:\/\/www.bahnhof-aumenau.de\/galerie\/wp-json\/wp\/v2\/categories?post=62"},{"taxonomy":"post_tag","embeddable":true,"href":"http:\/\/www.bahnhof-aumenau.de\/galerie\/wp-json\/wp\/v2\/tags?post=62"}],"curies":[{"name":"wp","href":"https:\/\/api.w.org\/{rel}","templated":true}]}}